{"id":881,"date":"2019-02-04T11:13:41","date_gmt":"2019-02-04T10:13:41","guid":{"rendered":"http:\/\/www.erichpueschel.de\/?p=881"},"modified":"2019-02-04T13:03:46","modified_gmt":"2019-02-04T12:03:46","slug":"panorama-new-york-city","status":"publish","type":"post","link":"https:\/\/www.erichpueschel.de\/?p=881","title":{"rendered":"Panorama New York City"},"content":{"rendered":"<p>[et_pb_section bb_built=&#8220;1&#8243; _builder_version=&#8220;3.17.2&#8243;][et_pb_row _builder_version=&#8220;3.0.48&#8243; background_size=&#8220;initial&#8220; background_position=&#8220;top_left&#8220; background_repeat=&#8220;repeat&#8220;][et_pb_column type=&#8220;4_4&#8243;][et_pb_text _builder_version=&#8220;3.19.11&#8243;]<\/p>\n<h2>Panorama New York City<\/h2>\n<p>[\/et_pb_text][et_pb_image src=&#8220;http:\/\/www.erichpueschel.de\/wp-content\/uploads\/2019\/02\/pano_nyc.jpg&#8220; show_in_lightbox=&#8220;on&#8220; use_overlay=&#8220;on&#8220; hover_icon=&#8220;%%200%%&#8220; _builder_version=&#8220;3.19.11&#8243; \/][et_pb_text _builder_version=&#8220;3.19.11&#8243;]<\/p>\n<p>Dieses Panorama zeigt die S\u00fcdspitze Manhattans, der Standort ist der Brooklyn Bridge Park. Es ist wirklich kein fotografischer Geheimtipp, aber die einmalige Perspektive ist einfach was Besonderes.<\/p>\n<p>Nach der Wahl des optimalen Standortes, w\u00e4hlte ich den fr\u00fchen Abend als Aufnahmezeit, es sind sogar kleine Tische an der Uferpromenade vorhanden, und wir verbrachten einen gem\u00fctlichen Abend (Alkoholverbot beachten!) dort, bis die Tische bei Einbruch der Dunkelheit sehr abrupt vom Parkpersonal abger\u00e4umt wurden.<\/p>\n<p>Nachdem ich Blende 8 als meine Arbeitsblende festgelegt und das Motiv mit der Spotmessung der Kamera ausgemessen hatte, w\u00e4hlte ich 15sek als passende Belichtungszeit.<\/p>\n<p>Dabei orientierte ich mich an den hellen Lichtpunkten um gr\u00f6\u00dfere \u00dcberstrahlungen zu vermeiden.<br \/>Ich wollte das Wasser als weiche diffuse Fl\u00e4che fotografieren, deshalb die l\u00e4ngere Belichtungszeit.<br \/>Der Belichtungsmodus ist bei dieser Aufnahme M, der Autofokus und der Wei\u00dfabgleich sind abgeschaltet. Die Bilder sind im RAW-Format fotografiert.<br \/>Die \u00dcberlappung der Einzelaufnahmen betr\u00e4gt ca. 25% bis 30%.<\/p>\n<p>[\/et_pb_text][et_pb_image src=&#8220;http:\/\/www.erichpueschel.de\/wp-content\/uploads\/2019\/02\/pano_nyc_part.jpg&#8220; align=&#8220;right&#8220; _builder_version=&#8220;3.19.11&#8243; \/][et_pb_text _builder_version=&#8220;3.19.11&#8243;]<\/p>\n<p>Bei den meisten Panoramen ist es sehr wichtig den passenden Nodalpunkt zu finden, in diesem Fall konnte ich auf den Panoramakopf verzichten, da kein erkennbarer Vordergrund vorhanden ist.<\/p>\n<p>Falls auch ein Bildvordergrund vorhanden ist, wird die Verwendung eines Panokopfes und das Finden des entsprechenden Nodalpunkt zwingend notwendig.<\/p>\n<ul>\n<li>Kamera im Hochformat<\/li>\n<li>manuelle Einstellung von Blende und Belichtungszeit<\/li>\n<li>Autofokus abschalten<\/li>\n<li>Auto-Wei\u00dfabgleich abschalten oder auf einen festen Wert stellen (kann sp\u00e4ter im RAW-Konverter ge\u00e4ndert werden)<\/li>\n<li>RAW-Format<\/li>\n<li>Stativ<\/li>\n<li>Wasserwaage<\/li>\n<\/ul>\n<p>Die Pixelanzahl des zusammengef\u00fcgten Fotos betr\u00e4gt weit \u00fcber 100 Millionen Pixel.<\/p>\n<h5>Technische Daten:<\/h5>\n<p>Belichtungszeit; 15s<br \/>Blende: 8<br \/>ISO: 100<br \/>Brennweite: 25mm<br \/>Stativ<\/p>\n<h5>Meine verwendete Ausr\u00fcstung f\u00fcr diese Aufnahme:<\/h5>\n<p>Sony Alpha 7R II<br \/>ZEISS Batis 25mm 2.0<br \/>Pixel RC-201\/S2 Fernausl\u00f6ser<br \/>FEISOL Carbon Reisestativ CT-3401<br \/>Feisol\u00a0 Kugelkopf CB-40D<br \/>SanDisk Extreme PRO 128 GB SDXC Speicherkarte<br \/>Adobe Lightroom CC<br \/>PTGui (Panorama-Software)<\/p>\n<p>[\/et_pb_text][\/et_pb_column][\/et_pb_row][\/et_pb_section]<\/p>\n","protected":false},"excerpt":{"rendered":"<p>[et_pb_section bb_built=&#8220;1&#8243; _builder_version=&#8220;3.17.2&#8243;][et_pb_row _builder_version=&#8220;3.0.48&#8243; background_size=&#8220;initial&#8220; background_position=&#8220;top_left&#8220; background_repeat=&#8220;repeat&#8220;][et_pb_column type=&#8220;4_4&#8243;][et_pb_text _builder_version=&#8220;3.19.11&#8243;] Panorama New York City [\/et_pb_text][et_pb_image src=&#8220;http:\/\/www.erichpueschel.de\/wp-content\/uploads\/2019\/02\/pano_nyc.jpg&#8220; show_in_lightbox=&#8220;on&#8220; use_overlay=&#8220;on&#8220; hover_icon=&#8220;%%200%%&#8220; _builder_version=&#8220;3.19.11&#8243; \/][et_pb_text _builder_version=&#8220;3.19.11&#8243;] Dieses Panorama zeigt die S\u00fcdspitze Manhattans, der Standort ist der Brooklyn Bridge Park. Es ist wirklich kein fotografischer Geheimtipp, aber die einmalige Perspektive ist einfach was Besonderes. Nach der Wahl des optimalen Standortes, w\u00e4hlte [&hellip;]<\/p>\n","protected":false},"author":1,"featured_media":858,"comment_status":"open","ping_status":"open","sticky":false,"template":"","format":"standard","meta":{"_et_pb_use_builder":"on","_et_pb_old_content":"","_et_gb_content_width":"","footnotes":""},"categories":[10],"tags":[],"class_list":["post-881","post","type-post","status-publish","format-standard","has-post-thumbnail","hentry","category-bilder-und-geschichten"],"_links":{"self":[{"href":"https:\/\/www.erichpueschel.de\/index.php?rest_route=\/wp\/v2\/posts\/881","targetHints":{"allow":["GET"]}}],"collection":[{"href":"https:\/\/www.erichpueschel.de\/index.php?rest_route=\/wp\/v2\/posts"}],"about":[{"href":"https:\/\/www.erichpueschel.de\/index.php?rest_route=\/wp\/v2\/types\/post"}],"author":[{"embeddable":true,"href":"https:\/\/www.erichpueschel.de\/index.php?rest_route=\/wp\/v2\/users\/1"}],"replies":[{"embeddable":true,"href":"https:\/\/www.erichpueschel.de\/index.php?rest_route=%2Fwp%2Fv2%2Fcomments&post=881"}],"version-history":[{"count":8,"href":"https:\/\/www.erichpueschel.de\/index.php?rest_route=\/wp\/v2\/posts\/881\/revisions"}],"predecessor-version":[{"id":905,"href":"https:\/\/www.erichpueschel.de\/index.php?rest_route=\/wp\/v2\/posts\/881\/revisions\/905"}],"wp:featuredmedia":[{"embeddable":true,"href":"https:\/\/www.erichpueschel.de\/index.php?rest_route=\/wp\/v2\/media\/858"}],"wp:attachment":[{"href":"https:\/\/www.erichpueschel.de\/index.php?rest_route=%2Fwp%2Fv2%2Fmedia&parent=881"}],"wp:term":[{"taxonomy":"category","embeddable":true,"href":"https:\/\/www.erichpueschel.de\/index.php?rest_route=%2Fwp%2Fv2%2Fcategories&post=881"},{"taxonomy":"post_tag","embeddable":true,"href":"https:\/\/www.erichpueschel.de\/index.php?rest_route=%2Fwp%2Fv2%2Ftags&post=881"}],"curies":[{"name":"wp","href":"https:\/\/api.w.org\/{rel}","templated":true}]}}