{"id":820,"date":"2019-01-17T09:06:30","date_gmt":"2019-01-17T08:06:30","guid":{"rendered":"http:\/\/www.erichpueschel.de\/?p=820"},"modified":"2019-02-04T13:08:30","modified_gmt":"2019-02-04T12:08:30","slug":"eine-begegnung-mit-dem-loch-coruisk-2","status":"publish","type":"post","link":"https:\/\/www.erichpueschel.de\/?p=820","title":{"rendered":"Eine Begegnung mit dem Loch Coruisk"},"content":{"rendered":"<p>[et_pb_section bb_built=&#8220;1&#8243; _builder_version=&#8220;3.17.2&#8243;][et_pb_row][et_pb_column type=&#8220;4_4&#8243;][et_pb_text _builder_version=&#8220;3.19.11&#8243;]<\/p>\n<h2><span style=\"display: inline !important; float: none; background-color: #ffffff; color: #333333; font-family: 'Quicksand',Helvetica,Arial,Lucida,sans-serif; font-size: 36px; font-style: normal; font-variant: normal; font-weight: normal; letter-spacing: normal; line-height: 1.7em; -ms-text-size-adjust: 100%; orphans: 2; text-align: left; text-decoration: none; text-indent: 0px; text-transform: uppercase; -webkit-text-stroke-width: 0px; white-space: normal; word-spacing: 0px;\">Eine Begegnung mit dem Loch Coruisk<\/span><\/h2>\n<p>[\/et_pb_text][et_pb_image _builder_version=&#8220;3.17.2&#8243; src=&#8220;http:\/\/www.erichpueschel.de\/wp-content\/uploads\/2018\/11\/Loch-Coruisk-01-2-von-1-1.jpg&#8220; show_in_lightbox=&#8220;on&#8220; use_overlay=&#8220;on&#8220; hover_icon=&#8220;%%200%%&#8220; \/][et_pb_text _builder_version=&#8220;3.17.2&#8243;]<\/p>\n<p>&nbsp;<\/p>\n<p>Eingerahmt von den schwarzen Cuillins Mountains liegt der schwer zu erreichende\u00a0 Loch Coruisk still und ehrfurchtsvoll in den Bergen\u00a0 der Isle of Skye.<\/p>\n<p>Die Black\u00a0 Cuillins\u00a0 sind Millionen von Jahren alt und haben einen\u00a0 vulkanischen Ursprung. Eis und ein Gletscher polierten den Granit zu seinem Glanz und gaben ihm sein mystisches Aussehen. Ohne Stra\u00dfen ist er nur \u00fcber See oder einsame Wanderpfade zu erreichen. Die vorgelagerten kleinen Inseln sind das Heim vieler Seehunde.<\/p>\n<p>&nbsp;<\/p>\n<p>&nbsp;<\/p>\n<p>[\/et_pb_text][et_pb_image _builder_version=&#8220;3.17.2&#8243; src=&#8220;http:\/\/www.erichpueschel.de\/wp-content\/uploads\/2018\/11\/Loch-Coruisk-seeehunde.jpg&#8220; hover_icon=&#8220;%%200%%&#8220; align=&#8220;right&#8220; \/][et_pb_text _builder_version=&#8220;3.17.2&#8243;]<\/p>\n<p>&nbsp;<\/p>\n<p>Leider war es bei der Aufnahme sehr gleichm\u00e4\u00dfig bew\u00f6lkt, mit wenig Kontrast und schon gar keinen dramatischen Lichtverh\u00e4ltnissen.<\/p>\n<p>Der fehlende Wind hielt\u00a0 tagelang an.<\/p>\n<p>Das einzig wirklich Dramatische waren, Dank des fehlenden Windes, Millionen von Midges, die einem Fotografen das Leben wirklich schwer machen.<\/p>\n<p>Es geh\u00f6rt sehr viel fotografische Leidenschaft dazu, inmitten von Midgesschw\u00e4rmen, das Stativ aufzubauen.<\/p>\n<p>Eine Nachbearbeitung in Lightroom ist daher unbedingt notwendig.<\/p>\n<h5>Technische Daten:<\/h5>\n<p>Belichtungszeit; 1\/250s<br \/>\nBlende: 8<br \/>\nISO: 100<br \/>\nBrennweite: 25mm<br \/>\nStativ<\/p>\n<h5>Meine verwendete Ausr\u00fcstung f\u00fcr diese Aufnahme:<\/h5>\n<p>Sony Alpha 7R III<br \/>\nZEISS Batis 25mm 2.0<br \/>\nPixel RC-201\/S2 Fernausl\u00f6ser<br \/>\nFEISOL Carbon Reisestativ CT-3401<br \/>\nFeisol\u00a0 Kugelkopf CB-40D<br \/>\nThink Tank Emergency Rain Cover (Regenschutz)<br \/>\nSanDisk Extreme PRO 128 GB SDXC Speicherkarte<br \/>\nSanDisk Extreme PRO 128 GB SDXC Speicherkarte (Backup)<br \/>\nAdobe Lightroom CC<\/p>\n<p>[\/et_pb_text][et_pb_image _builder_version=&#8220;3.17.2&#8243; src=&#8220;http:\/\/www.erichpueschel.de\/wp-content\/uploads\/2018\/11\/Loch-Coruisk_b_800.jpg&#8220; hover_icon=&#8220;%%200%%&#8220; align=&#8220;right&#8220; \/][et_pb_text _builder_version=&#8220;3.17.2&#8243;]<\/p>\n<h4>Lightroom Nachbearbeitung<\/h4>\n<p>Nach den Grundkorrekturen war das Abdunkeln des Himmels die wichtigste \u00c4nderung. Au\u00dferdem wollte ich das Schwarz der Black Cuillins noch mehr zur Geltung bringen. Meine Sony A7 R3 mit ihrem gro\u00dfen Dynamikumfang\u00a0 machte es mir leicht gr\u00f6\u00dfere Mengen an Schattendetails herauszuarbeiten und die Lichter abzudunkeln.<\/p>\n<p>Im ersten Schritt nehme ich die Objektivkorrekturen und die Grundeinstellungen vor.<br \/>\nDazu geh\u00f6rt die Schwarz- und Wei\u00dfpunkte zu setzen, die Belichtung und die Klarheit. Speziell mit der Klarheit wird der Mikrokontrast angehoben und das Bild wirkt insgesamt viel ansprechender.<\/p>\n<p>[\/et_pb_text][et_pb_image _builder_version=&#8220;3.17.2&#8243; src=&#8220;http:\/\/www.erichpueschel.de\/wp-content\/uploads\/2018\/11\/Loch-Coruisk-lightroom_02.jpg&#8220; hover_icon=&#8220;%%200%%&#8220; align=&#8220;right&#8220; show_in_lightbox=&#8220;on&#8220; use_overlay=&#8220;on&#8220; \/][et_pb_text _builder_version=&#8220;3.17.2&#8243;]<\/p>\n<h4><span style=\"display: inline !important; float: none; background-color: transparent; color: #666666; font-family: 'Quicksand',Helvetica,Arial,Lucida,sans-serif; font-size: 17px; font-style: normal; font-variant: normal; font-weight: 500; letter-spacing: normal; -ms-text-size-adjust: auto; orphans: 2; text-align: left; text-decoration: none; text-indent: 0px; text-transform: none; -webkit-text-stroke-width: 0px; white-space: normal; word-spacing: 0px;\">Der n\u00e4chste gro\u00dfe Schritt war, am Himmel zu arbeiten, was ich mit dem Korrekturpinsel vornahm. Ich habe die Lichter heruntergesetzt, um mehr Details wiederzugeben, die Belichtung verringert, um den gesamten Himmelsbereich zu verdunkeln, die wei\u00dfen Bereiche der Wolken zu verst\u00e4rken und den Kontrast zum neu verdunkelten Himmel zu erh\u00f6hen. Danach habe ich den Klarheitsschieberegler hinzugef\u00fcgt, um noch mehr Dramatik und interessante Kontraste in den Wolkenschichten hervorzuheben.<\/span><\/h4>\n<p>[\/et_pb_text][et_pb_image _builder_version=&#8220;3.17.2&#8243; src=&#8220;http:\/\/www.erichpueschel.de\/wp-content\/uploads\/2018\/11\/Loch-Coruisk-lightroom_04.jpg&#8220; hover_icon=&#8220;%%200%%&#8220; align=&#8220;right&#8220; show_in_lightbox=&#8220;on&#8220; use_overlay=&#8220;on&#8220; \/][et_pb_text _builder_version=&#8220;3.17.2&#8243;]<\/p>\n<h4><span style=\"font-family: 'Quicksand',Helvetica,Arial,Lucida,sans-serif;\"><span style=\"color: #002000;\">I<span style=\"display: inline !important; float: none; background-color: transparent; color: #666666; font-family: 'Quicksand',Helvetica,Arial,Lucida,sans-serif; font-size: 17px; font-style: normal; font-variant: normal; font-weight: 500; letter-spacing: normal; -ms-text-size-adjust: auto; orphans: 2; text-align: left; text-decoration: none; text-indent: 0px; text-transform: none; -webkit-text-stroke-width: 0px; white-space: normal; word-spacing: 0px;\">m n\u00e4chsten Schritt habe ich mit Hilfe des Radialfilters elliptische Anpassungen vorgenommen, um z.B. das Wasser mit mehr Glanz zu versehen. Abschlie\u00dfend wurde das Bild mit einer Sch\u00e4rfung versehen<\/span><\/span><\/span><\/h4>\n<p>[\/et_pb_text][et_pb_image _builder_version=&#8220;3.17.2&#8243; src=&#8220;http:\/\/www.erichpueschel.de\/wp-content\/uploads\/2018\/11\/Loch-Coruisk-01_radial.jpg&#8220; hover_icon=&#8220;%%200%%&#8220; align=&#8220;right&#8220; show_in_lightbox=&#8220;on&#8220; use_overlay=&#8220;on&#8220; \/][et_pb_text _builder_version=&#8220;3.17.2&#8243;]<\/p>\n<h4><span style=\"display: inline !important; float: none; background-color: transparent; color: #333333; font-family: 'Quicksand',Helvetica,Arial,Lucida,sans-serif; font-size: 19px; font-style: normal; font-variant: normal; font-weight: 400; letter-spacing: normal; line-height: 32.3px; -ms-text-size-adjust: auto; orphans: 2; text-align: left; text-decoration: none; text-indent: 0px; text-transform: uppercase; -webkit-text-stroke-width: 0px; white-space: normal; word-spacing: 0px;\">Vorher \u2013 Nachher<\/span><\/h4>\n<p>[\/et_pb_text][et_pb_image _builder_version=&#8220;3.17.2&#8243; src=&#8220;http:\/\/www.erichpueschel.de\/wp-content\/uploads\/2018\/11\/Loch-Coruisk-vornach.jpg&#8220; hover_icon=&#8220;%%200%%&#8220; align=&#8220;right&#8220; show_in_lightbox=&#8220;on&#8220; use_overlay=&#8220;on&#8220; \/][\/et_pb_column][\/et_pb_row][\/et_pb_section]<\/p>\n","protected":false},"excerpt":{"rendered":"<p>[et_pb_section bb_built=&#8220;1&#8243; _builder_version=&#8220;3.17.2&#8243;][et_pb_row][et_pb_column type=&#8220;4_4&#8243;][et_pb_text _builder_version=&#8220;3.19.11&#8243;] Eine Begegnung mit dem Loch Coruisk [\/et_pb_text][et_pb_image _builder_version=&#8220;3.17.2&#8243; src=&#8220;http:\/\/www.erichpueschel.de\/wp-content\/uploads\/2018\/11\/Loch-Coruisk-01-2-von-1-1.jpg&#8220; show_in_lightbox=&#8220;on&#8220; use_overlay=&#8220;on&#8220; hover_icon=&#8220;%%200%%&#8220; \/][et_pb_text _builder_version=&#8220;3.17.2&#8243;] &nbsp; Eingerahmt von den schwarzen Cuillins Mountains liegt der schwer zu erreichende\u00a0 Loch Coruisk still und ehrfurchtsvoll in den Bergen\u00a0 der Isle of Skye. Die Black\u00a0 Cuillins\u00a0 sind Millionen von Jahren alt und haben einen\u00a0 vulkanischen [&hellip;]<\/p>\n","protected":false},"author":1,"featured_media":615,"comment_status":"open","ping_status":"open","sticky":false,"template":"","format":"standard","meta":{"_et_pb_use_builder":"on","_et_pb_old_content":"<p>[et_pb_section bb_built=\"1\" _builder_version=\"3.17.2\"][et_pb_row][et_pb_column type=\"4_4\"][et_pb_image _builder_version=\"3.17.2\" src=\"http:\/\/www.erichpueschel.de\/wp-content\/uploads\/2018\/11\/Loch-Coruisk-01-2-von-1-1.jpg\" show_in_lightbox=\"on\" use_overlay=\"on\" hover_icon=\"%%200%%\" \/][et_pb_text _builder_version=\"3.17.2\"]<\/p><p>\u00a0<\/p><p>Eingerahmt von den schwarzen Cuillins Mountains liegt der schwer zu erreichende\u00a0 Loch Coruisk still und ehrfurchtsvoll in den Bergen\u00a0 der Isle of Skye.<\/p><p>Die Black\u00a0 Cuillins\u00a0 sind Millionen von Jahren alt und haben einen\u00a0 vulkanischen Ursprung. Eis und ein Gletscher polierten den Granit zu seinem Glanz und gaben ihm sein mystisches Aussehen. Ohne Stra\u00dfen ist er nur \u00fcber See oder einsame Wanderpfade zu erreichen. Die vorgelagerten kleinen Inseln sind das Heim vieler Seehunde.<\/p><p>\u00a0<\/p><p>\u00a0<\/p><p>[\/et_pb_text][et_pb_image _builder_version=\"3.17.2\" src=\"http:\/\/www.erichpueschel.de\/wp-content\/uploads\/2018\/11\/Loch-Coruisk-seeehunde.jpg\" hover_icon=\"%%200%%\" align=\"right\" \/][et_pb_text _builder_version=\"3.17.2\"]<\/p><p>\u00a0<\/p><p>Leider war es bei der Aufnahme sehr gleichm\u00e4\u00dfig bew\u00f6lkt, mit wenig Kontrast und schon gar keinen dramatischen Lichtverh\u00e4ltnissen.<\/p><p>Der fehlende Wind hielt\u00a0 tagelang an.<\/p><p>Das einzig wirklich Dramatische waren, Dank des fehlenden Windes, Millionen von Midges, die einem Fotografen das Leben wirklich schwer machen.<\/p><p>Es geh\u00f6rt sehr viel fotografische Leidenschaft dazu, inmitten von Midgesschw\u00e4rmen, das Stativ aufzubauen.<\/p><p>Eine Nachbearbeitung in Lightroom ist daher unbedingt notwendig.<\/p><h5>Technische Daten:<\/h5><p>Belichtungszeit; 1\/250s<br \/>Blende: 8<br \/>ISO: 100<br \/>Brennweite: 25mm<br \/>Stativ<\/p><h5>Meine verwendete Ausr\u00fcstung f\u00fcr diese Aufnahme:<\/h5><p>Sony Alpha 7R III<br \/>ZEISS Batis 25mm 2.0<br \/>Pixel RC-201\/S2 Fernausl\u00f6ser<br \/>FEISOL Carbon Reisestativ CT-3401<br \/>Feisol\u00a0 Kugelkopf CB-40D<br \/>Think Tank Emergency Rain Cover (Regenschutz)<br \/>SanDisk Extreme PRO 128 GB SDXC Speicherkarte<br \/>SanDisk Extreme PRO 128 GB SDXC Speicherkarte (Backup)<br \/>Adobe Lightroom CC<\/p><p>[\/et_pb_text][et_pb_image _builder_version=\"3.17.2\" src=\"http:\/\/www.erichpueschel.de\/wp-content\/uploads\/2018\/11\/Loch-Coruisk_b_800.jpg\" hover_icon=\"%%200%%\" align=\"right\" \/][et_pb_text _builder_version=\"3.17.2\"]<\/p><h4>Lightroom Nachbearbeitung<\/h4><p>Nach den Grundkorrekturen war das Abdunkeln des Himmels die wichtigste \u00c4nderung. Au\u00dferdem wollte ich das Schwarz der Black Cuillins noch mehr zur Geltung bringen. Meine Sony A7 R3 mit ihrem gro\u00dfen Dynamikumfang\u00a0 machte es mir leicht gr\u00f6\u00dfere Mengen an Schattendetails herauszuarbeiten und die Lichter abzudunkeln.<\/p><p>Im ersten Schritt nehme ich die Objektivkorrekturen und die Grundeinstellungen vor.<br \/>Dazu geh\u00f6rt die Schwarz- und Wei\u00dfpunkte zu setzen, die Belichtung und die Klarheit. Speziell mit der Klarheit wird der Mikrokontrast angehoben und das Bild wirkt insgesamt viel ansprechender.<\/p><p>[\/et_pb_text][et_pb_image _builder_version=\"3.17.2\" src=\"http:\/\/www.erichpueschel.de\/wp-content\/uploads\/2018\/11\/Loch-Coruisk-lightroom_02.jpg\" hover_icon=\"%%200%%\" align=\"right\" show_in_lightbox=\"on\" use_overlay=\"on\" \/][et_pb_text _builder_version=\"3.17.2\"]<\/p><h4><span style=\"display: inline !important; float: none; background-color: transparent; color: #666666; font-family: 'Quicksand',Helvetica,Arial,Lucida,sans-serif; font-size: 17px; font-style: normal; font-variant: normal; font-weight: 500; letter-spacing: normal; -ms-text-size-adjust: auto; orphans: 2; text-align: left; text-decoration: none; text-indent: 0px; text-transform: none; -webkit-text-stroke-width: 0px; white-space: normal; word-spacing: 0px;\">Der n\u00e4chste gro\u00dfe Schritt war, am Himmel zu arbeiten, was ich mit dem Korrekturpinsel vornahm. Ich habe die Lichter heruntergesetzt, um mehr Details wiederzugeben, die Belichtung verringert, um den gesamten Himmelsbereich zu verdunkeln, die wei\u00dfen Bereiche der Wolken zu verst\u00e4rken und den Kontrast zum neu verdunkelten Himmel zu erh\u00f6hen. Danach habe ich den Klarheitsschieberegler hinzugef\u00fcgt, um noch mehr Dramatik und interessante Kontraste in den Wolkenschichten hervorzuheben.<\/span><\/h4><p>[\/et_pb_text][et_pb_image _builder_version=\"3.17.2\" src=\"http:\/\/www.erichpueschel.de\/wp-content\/uploads\/2018\/11\/Loch-Coruisk-lightroom_04.jpg\" hover_icon=\"%%200%%\" align=\"right\" show_in_lightbox=\"on\" use_overlay=\"on\" \/][et_pb_text _builder_version=\"3.17.2\"]<\/p><h4><span style=\"font-family: 'Quicksand',Helvetica,Arial,Lucida,sans-serif;\"><span style=\"color: #002000;\">I<span style=\"display: inline !important; float: none; background-color: transparent; color: #666666; font-family: 'Quicksand',Helvetica,Arial,Lucida,sans-serif; font-size: 17px; font-style: normal; font-variant: normal; font-weight: 500; letter-spacing: normal; -ms-text-size-adjust: auto; orphans: 2; text-align: left; text-decoration: none; text-indent: 0px; text-transform: none; -webkit-text-stroke-width: 0px; white-space: normal; word-spacing: 0px;\">m n\u00e4chsten Schritt habe ich mit Hilfe des Radialfilters elliptische Anpassungen vorgenommen, um z.B. das Wasser mit mehr Glanz zu versehen. Abschlie\u00dfend wurde das Bild mit einer Sch\u00e4rfung versehen<\/span><\/span><\/span><\/h4><p>[\/et_pb_text][et_pb_image _builder_version=\"3.17.2\" src=\"http:\/\/www.erichpueschel.de\/wp-content\/uploads\/2018\/11\/Loch-Coruisk-01_radial.jpg\" hover_icon=\"%%200%%\" align=\"right\" show_in_lightbox=\"on\" use_overlay=\"on\" \/][et_pb_text _builder_version=\"3.17.2\"]<\/p><h4><span style=\"display: inline !important; float: none; background-color: transparent; color: #333333; font-family: 'Quicksand',Helvetica,Arial,Lucida,sans-serif; font-size: 19px; font-style: normal; font-variant: normal; font-weight: 400; letter-spacing: normal; line-height: 32.3px; -ms-text-size-adjust: auto; orphans: 2; text-align: left; text-decoration: none; text-indent: 0px; text-transform: uppercase; -webkit-text-stroke-width: 0px; white-space: normal; word-spacing: 0px;\">Vorher \u2013 Nachher<\/span><\/h4><p>[\/et_pb_text][et_pb_image _builder_version=\"3.17.2\" src=\"http:\/\/www.erichpueschel.de\/wp-content\/uploads\/2018\/11\/Loch-Coruisk-vornach.jpg\" hover_icon=\"%%200%%\" align=\"right\" show_in_lightbox=\"on\" use_overlay=\"on\" \/][\/et_pb_column][\/et_pb_row][\/et_pb_section]<\/p>","_et_gb_content_width":"","footnotes":""},"categories":[10,13],"tags":[],"class_list":["post-820","post","type-post","status-publish","format-standard","has-post-thumbnail","hentry","category-bilder-und-geschichten","category-lightroom"],"_links":{"self":[{"href":"https:\/\/www.erichpueschel.de\/index.php?rest_route=\/wp\/v2\/posts\/820","targetHints":{"allow":["GET"]}}],"collection":[{"href":"https:\/\/www.erichpueschel.de\/index.php?rest_route=\/wp\/v2\/posts"}],"about":[{"href":"https:\/\/www.erichpueschel.de\/index.php?rest_route=\/wp\/v2\/types\/post"}],"author":[{"embeddable":true,"href":"https:\/\/www.erichpueschel.de\/index.php?rest_route=\/wp\/v2\/users\/1"}],"replies":[{"embeddable":true,"href":"https:\/\/www.erichpueschel.de\/index.php?rest_route=%2Fwp%2Fv2%2Fcomments&post=820"}],"version-history":[{"count":9,"href":"https:\/\/www.erichpueschel.de\/index.php?rest_route=\/wp\/v2\/posts\/820\/revisions"}],"predecessor-version":[{"id":906,"href":"https:\/\/www.erichpueschel.de\/index.php?rest_route=\/wp\/v2\/posts\/820\/revisions\/906"}],"wp:featuredmedia":[{"embeddable":true,"href":"https:\/\/www.erichpueschel.de\/index.php?rest_route=\/wp\/v2\/media\/615"}],"wp:attachment":[{"href":"https:\/\/www.erichpueschel.de\/index.php?rest_route=%2Fwp%2Fv2%2Fmedia&parent=820"}],"wp:term":[{"taxonomy":"category","embeddable":true,"href":"https:\/\/www.erichpueschel.de\/index.php?rest_route=%2Fwp%2Fv2%2Fcategories&post=820"},{"taxonomy":"post_tag","embeddable":true,"href":"https:\/\/www.erichpueschel.de\/index.php?rest_route=%2Fwp%2Fv2%2Ftags&post=820"}],"curies":[{"name":"wp","href":"https:\/\/api.w.org\/{rel}","templated":true}]}}