{"id":808,"date":"2019-01-16T11:13:21","date_gmt":"2019-01-16T10:13:21","guid":{"rendered":"http:\/\/www.erichpueschel.de\/?p=808"},"modified":"2019-04-02T16:19:04","modified_gmt":"2019-04-02T14:19:04","slug":"ein-blick-auf-manhattan-2","status":"publish","type":"post","link":"https:\/\/www.erichpueschel.de\/?p=808","title":{"rendered":"Ein Blick auf Manhattan"},"content":{"rendered":"<p>[et_pb_section fb_built=&#8220;1&#8243; _builder_version=&#8220;3.17.2&#8243;][et_pb_row _builder_version=&#8220;3.0.48&#8243; background_size=&#8220;initial&#8220; background_position=&#8220;top_left&#8220; background_repeat=&#8220;repeat&#8220;][et_pb_column type=&#8220;4_4&#8243; _builder_version=&#8220;3.0.47&#8243;][et_pb_text _builder_version=&#8220;3.19.11&#8243;]<\/p>\n<h2><span style=\"display: inline !important; float: none; background-color: #ffffff; color: #333333; font-family: 'Quicksand',Helvetica,Arial,Lucida,sans-serif; font-size: 36px; font-style: normal; font-variant: normal; font-weight: normal; letter-spacing: normal; line-height: 1.7em; -ms-text-size-adjust: 100%; orphans: 2; text-align: left; text-decoration: none; text-indent: 0px; text-transform: uppercase; -webkit-text-stroke-width: 0px; white-space: normal; word-spacing: 0px;\">Ein Blick auf Manhattan<\/span>\u00a0<\/h2>\n<p>[\/et_pb_text][et_pb_image src=&#8220;http:\/\/www.erichpueschel.de\/wp-content\/uploads\/2019\/04\/manhattan_002-1-von-1.jpg&#8220; show_in_lightbox=&#8220;on&#8220; use_overlay=&#8220;on&#8220; hover_icon=&#8220;%%200%%&#8220; _builder_version=&#8220;3.21.1&#8243;][\/et_pb_image][et_pb_text _builder_version=&#8220;3.19.11&#8243;]<\/p>\n<p>Diese Aufnahme ist ein Teil meiner 5.00 Uhr-Serie.<br \/>Es ist ein Blick auf Manhattan, schon oft fotografiert, aber halt nicht so.<br \/>Alle Bilder dieser Serie entstehen zwischen 5.00 Uhr und 6.00 Uhr morgens.<br \/>Das Licht, falls schon vorhanden,\u00a0 ist anders und auch die Menschen haben ein anderes Verhalten als am Tag.<\/p>\n<p>W\u00e4hrend des \u00dcbersetzens, der Staten Island Ferry habe ich das Bild aufgenommen.<br \/>Die F\u00e4hre ist jeden 24 Stunden in Betrieb und kostenlos.<\/p>\n<p>[\/et_pb_text][et_pb_image src=&#8220;http:\/\/www.erichpueschel.de\/wp-content\/uploads\/2018\/12\/manhattan_01.jpg&#8220; align=&#8220;right&#8220; _builder_version=&#8220;3.17.2&#8243;][\/et_pb_image][et_pb_text _builder_version=&#8220;3.17.2&#8243;]<\/p>\n<p>\n&nbsp;<\/p>\n<p>Meine \u00dcberlegung ein Stativ einzusetzen wurde unterbrochen von zwei sehr h\u00f6flichen Cops, die mir erkl\u00e4rten ein Stativ sei nicht erlaubt.<\/p>\n<p>Also dann halt ohne Stativ, die Frage ist sowieso, ob es sinnvoll ist auf einer schwankenden und rollenden F\u00e4hre ein Stativ zu benutzen.<\/p>\n<p>Ich habe mich also auf den eingebauten Bildstabilisator (IBIS) verlassen, die Ergebnisse haben mich nicht entt\u00e4uscht.<\/p>\n<p>Da die F\u00e4hre, um diese Zeit in der Richtung weg von Manhattan fast menschenleer ist, hatte ich alle M\u00f6glichkeiten den optimalen Standpunkt zu finden. Ich entschied mich f\u00fcr einen tiefen Standpunkt, nur knapp \u00fcber der Wasseroberfl\u00e4che.<\/p>\n<p>Faszinierend empfand ich diese im Bild dominierenden Blaut\u00f6ne, nur ein wenig unterbrochen von den r\u00f6tlichen Lichtern der Tower und dem auff\u00e4lligen F\u00e4hrgeb\u00e4ude.<\/p>\n<p>Das One World Trade Center, wird von tiefh\u00e4ngenden Wolken, teilweise verdeckt.<\/p>\n<h4>Technische Daten:<\/h4>\n<p>Belichtungszeit; 1\/250s<br \/>\nBlende: 2<br \/>\nISO: 400<br \/>\nBrennweite: 25mm<\/p>\n<h4>Meine verwendete Ausr\u00fcstung f\u00fcr diese Aufnahme:<\/h4>\n<p>Sony Alpha 7R II<br \/>\nZEISS Batis 25mm 2.0<br \/>\nSanDisk Extreme PRO 128 GB SDXC Speicherkarte<\/p>\n<p>[\/et_pb_text][\/et_pb_column][\/et_pb_row][\/et_pb_section]<\/p>\n","protected":false},"excerpt":{"rendered":"<p>[et_pb_section fb_built=&#8220;1&#8243; _builder_version=&#8220;3.17.2&#8243;][et_pb_row _builder_version=&#8220;3.0.48&#8243; background_size=&#8220;initial&#8220; background_position=&#8220;top_left&#8220; background_repeat=&#8220;repeat&#8220;][et_pb_column type=&#8220;4_4&#8243; _builder_version=&#8220;3.0.47&#8243;][et_pb_text _builder_version=&#8220;3.19.11&#8243;] Ein Blick auf Manhattan\u00a0 [\/et_pb_text][et_pb_image src=&#8220;http:\/\/www.erichpueschel.de\/wp-content\/uploads\/2019\/04\/manhattan_002-1-von-1.jpg&#8220; show_in_lightbox=&#8220;on&#8220; use_overlay=&#8220;on&#8220; hover_icon=&#8220;%%200%%&#8220; _builder_version=&#8220;3.21.1&#8243;][\/et_pb_image][et_pb_text _builder_version=&#8220;3.19.11&#8243;] Diese Aufnahme ist ein Teil meiner 5.00 Uhr-Serie.Es ist ein Blick auf Manhattan, schon oft fotografiert, aber halt nicht so.Alle Bilder dieser Serie entstehen zwischen 5.00 Uhr und 6.00 Uhr morgens.Das Licht, falls schon [&hellip;]<\/p>\n","protected":false},"author":1,"featured_media":673,"comment_status":"open","ping_status":"open","sticky":false,"template":"","format":"standard","meta":{"_et_pb_use_builder":"on","_et_pb_old_content":"<p>[et_pb_section bb_built=\"1\" _builder_version=\"3.17.2\"][et_pb_row][et_pb_column type=\"4_4\"][et_pb_image _builder_version=\"3.17.2\" src=\"http:\/\/www.erichpueschel.de\/wp-content\/uploads\/2018\/12\/manhattan.jpg\" show_in_lightbox=\"on\" use_overlay=\"on\" hover_icon=\"%%200%%\" \/][et_pb_text _builder_version=\"3.17.2\"]<\/p><p>Diese Aufnahme ist ein Teil meiner 5.00 Uhr-Serie.<\/p><p>Es ist ein Blick auf Manhattan, schon oft fotografiert, aber halt nicht so.<\/p><p>Alle Bilder dieser Serie entstehen zwischen 5.00 Uhr und 6.00 Uhr morgens.<\/p><p>Das Licht, falls schon vorhanden,\u00a0 ist anders und auch die Menschen haben ein anderes Verhalten als am Tag.<\/p><p>W\u00e4hrend des \u00dcbersetzens, der Staten Island Ferry habe ich das Bild aufgenommen.<\/p><p>Die F\u00e4hre ist jeden 24 Stunden in Betrieb und kostenlos.<\/p><p>\u00a0<\/p><p>[\/et_pb_text][et_pb_image _builder_version=\"3.17.2\" src=\"http:\/\/www.erichpueschel.de\/wp-content\/uploads\/2018\/12\/manhattan_01.jpg\" hover_icon=\"%%200%%\" align=\"right\" \/][et_pb_text _builder_version=\"3.17.2\"]<\/p><p>\u00a0<\/p><p>Meine \u00dcberlegung ein Stativ einzusetzen wurde unterbrochen von zwei sehr h\u00f6flichen Cops, die mir erkl\u00e4rten ein Stativ sei nicht erlaubt.<\/p><p>Also dann halt ohne Stativ, die Frage ist sowieso, ob es sinnvoll ist auf einer schwankenden und rollenden F\u00e4hre ein Stativ zu benutzen.<\/p><p>Ich habe mich also auf den eingebauten Bildstabilisator (IBIS) verlassen, die Ergebnisse haben mich nicht entt\u00e4uscht.<\/p><p>Da die F\u00e4hre, um diese Zeit in der Richtung weg von Manhattan fast menschenleer ist, hatte ich alle M\u00f6glichkeiten den optimalen Standpunkt zu finden. Ich entschied mich f\u00fcr einen tiefen Standpunkt, nur knapp \u00fcber der Wasseroberfl\u00e4che.<\/p><p>Faszinierend empfand ich diese im Bild dominierenden Blaut\u00f6ne, nur ein wenig unterbrochen von den r\u00f6tlichen Lichtern der Tower und dem auff\u00e4lligen F\u00e4hrgeb\u00e4ude.<\/p><p>Das One World Trade Center, wird von tiefh\u00e4ngenden Wolken, teilweise verdeckt.<\/p><h4>Technische Daten:<\/h4><p>Belichtungszeit; 1\/250s<br \/>Blende: 2<br \/>ISO: 400<br \/>Brennweite: 25mm<\/p><h4>Meine verwendete Ausr\u00fcstung f\u00fcr diese Aufnahme:<\/h4><p>Sony Alpha 7R II<br \/>ZEISS Batis 25mm 2.0<br \/>SanDisk Extreme PRO 128 GB SDXC Speicherkarte<\/p><p>[\/et_pb_text][\/et_pb_column][\/et_pb_row][\/et_pb_section]<\/p>","_et_gb_content_width":"","footnotes":""},"categories":[10],"tags":[],"class_list":["post-808","post","type-post","status-publish","format-standard","has-post-thumbnail","hentry","category-bilder-und-geschichten"],"_links":{"self":[{"href":"https:\/\/www.erichpueschel.de\/index.php?rest_route=\/wp\/v2\/posts\/808","targetHints":{"allow":["GET"]}}],"collection":[{"href":"https:\/\/www.erichpueschel.de\/index.php?rest_route=\/wp\/v2\/posts"}],"about":[{"href":"https:\/\/www.erichpueschel.de\/index.php?rest_route=\/wp\/v2\/types\/post"}],"author":[{"embeddable":true,"href":"https:\/\/www.erichpueschel.de\/index.php?rest_route=\/wp\/v2\/users\/1"}],"replies":[{"embeddable":true,"href":"https:\/\/www.erichpueschel.de\/index.php?rest_route=%2Fwp%2Fv2%2Fcomments&post=808"}],"version-history":[{"count":10,"href":"https:\/\/www.erichpueschel.de\/index.php?rest_route=\/wp\/v2\/posts\/808\/revisions"}],"predecessor-version":[{"id":1020,"href":"https:\/\/www.erichpueschel.de\/index.php?rest_route=\/wp\/v2\/posts\/808\/revisions\/1020"}],"wp:featuredmedia":[{"embeddable":true,"href":"https:\/\/www.erichpueschel.de\/index.php?rest_route=\/wp\/v2\/media\/673"}],"wp:attachment":[{"href":"https:\/\/www.erichpueschel.de\/index.php?rest_route=%2Fwp%2Fv2%2Fmedia&parent=808"}],"wp:term":[{"taxonomy":"category","embeddable":true,"href":"https:\/\/www.erichpueschel.de\/index.php?rest_route=%2Fwp%2Fv2%2Fcategories&post=808"},{"taxonomy":"post_tag","embeddable":true,"href":"https:\/\/www.erichpueschel.de\/index.php?rest_route=%2Fwp%2Fv2%2Ftags&post=808"}],"curies":[{"name":"wp","href":"https:\/\/api.w.org\/{rel}","templated":true}]}}