{"id":773,"date":"2019-01-16T09:04:34","date_gmt":"2019-01-16T08:04:34","guid":{"rendered":"http:\/\/www.erichpueschel.de\/?p=773"},"modified":"2019-02-04T13:10:30","modified_gmt":"2019-02-04T12:10:30","slug":"eine-wanderung-auf-den-aetna","status":"publish","type":"post","link":"https:\/\/www.erichpueschel.de\/?p=773","title":{"rendered":"Eine Wanderung auf den \u00c4tna"},"content":{"rendered":"<p>[et_pb_section bb_built=&#8220;1&#8243; _builder_version=&#8220;3.17.2&#8243; next_background_color=&#8220;#000000&#8243;][et_pb_row][et_pb_column type=&#8220;4_4&#8243;][et_pb_text _builder_version=&#8220;3.19.11&#8243;]<\/p>\n<h2><span style=\"display: inline !important; float: none; background-color: #ffffff; color: #333333; font-family: 'Quicksand',Helvetica,Arial,Lucida,sans-serif; font-size: 36px; font-style: normal; font-variant: normal; font-weight: normal; letter-spacing: normal; line-height: 1.7em; -ms-text-size-adjust: 100%; orphans: 2; text-align: left; text-decoration: none; text-indent: 0px; text-transform: uppercase; -webkit-text-stroke-width: 0px; white-space: normal; word-spacing: 0px;\">Eine Wanderung auf den \u00c4tna<\/span><\/h2>\n<p>[\/et_pb_text][et_pb_image _builder_version=&#8220;3.17.2&#8243; src=&#8220;http:\/\/www.erichpueschel.de\/wp-content\/uploads\/2019\/01\/sizilien_01-6-von-7.jpg&#8220; show_in_lightbox=&#8220;on&#8220; use_overlay=&#8220;on&#8220; hover_icon=&#8220;%%200%%&#8220; \/][et_pb_text _builder_version=&#8220;3.17.2&#8243;]<\/p>\n<p><span style=\"color: #000000;\"><span style=\"margin: 0px; padding: 0cm; border: 1pt windowtext; font-family: 'Calibri',sans-serif; font-size: 16pt;\">Eine Wanderung auf den \u00c4tna, den mit 3.323 Metern h\u00f6chsten\u00a0 Vulkan<\/span><span style=\"margin: 0px; font-family: 'Calibri',sans-serif; font-size: 16pt;\"> Europas. Nach einem sehr steilen Aufstieg \u00a0\u00fcber nicht endendes Lavager\u00f6ll erreicht man die h\u00f6heren, fotografisch sehr interessanten Regionen des \u00c4tnas.<\/span><\/span><\/p>\n<p><span style=\"margin: 0px; padding: 0cm; border: 1pt windowtext; font-family: 'Calibri',sans-serif; font-size: 16pt;\"><span style=\"color: #000000;\">Die vielen abwechslungsreichen Motive entsch\u00e4digen f\u00fcr die M\u00fchen des Ausstiegs. \u00dcberall sind spektakul\u00e4re Aufnahmen des tiefschwarzen Lavagesteins m\u00f6glich. Oft sind Baumreste zu sehen, umschlossen von erkalteter Lava.<\/span><\/span><\/p>\n<p><span style=\"margin: 0px; padding: 0cm; border: 1pt windowtext; font-family: 'Calibri',sans-serif; font-size: 16pt;\"><span style=\"color: #000000;\">Das Hauptproblem ist allerdings die, sich \u00fcberall festsetzende Vulkanasche.<\/span><\/span><\/p>\n<p><span style=\"margin: 0px; padding: 0cm; border: 1pt windowtext; font-family: 'Calibri',sans-serif; font-size: 16pt;\"><span style=\"color: #000000;\">Ein st\u00e4ndiger Wind verteilt sie und jeder Objektivwechsel ist \u00e4u\u00dferst problematisch. Nach einer \u00c4tna Wanderung ist eine intensive Sensorreinigung unbedingt notwendig. <\/span><\/span><\/p>\n<p><span style=\"color: #000000;\"><span style=\"margin: 0px; padding: 0cm; border: 1pt windowtext; font-family: 'Calibri',sans-serif; font-size: 16pt;\">Zuerst habe ich den Sensor gr\u00fcndlich mit dem Giottos Rocket Blower durchgepustet, danach mit dem Antistatischen Pinsel (<\/span><span style=\"margin: 0px; font-family: 'Calibri',sans-serif; font-size: 16pt;\">Visible Dust Arctic Butterfly) <\/span><span style=\"margin: 0px; padding: 0cm; border: 1pt windowtext; font-family: 'Calibri',sans-serif; font-size: 16pt;\">gereinigt und am Ende noch eine Nassreinigung (<\/span><span style=\"margin: 0px; font-family: 'Calibri',sans-serif; font-size: 16pt;\">Aeroclipse Optikreiniger in Verbindung mit <\/span><span style=\"margin: 0px; font-family: 'Calibri',sans-serif; font-size: 16pt;\">Sensor Swabs) durchgef\u00fchrt.<\/span><\/span><\/p>\n<p><span style=\"margin: 0px; padding: 0cm; border: 1pt windowtext; font-family: 'Calibri',sans-serif; font-size: 16pt;\"><span style=\"color: #000000;\">Danach war der Sensor wieder absolut sauber!<\/span><\/span><\/p>\n<p>[\/et_pb_text][et_pb_image _builder_version=&#8220;3.17.2&#8243; src=&#8220;http:\/\/www.erichpueschel.de\/wp-content\/uploads\/2019\/01\/sizilien_01-4-von-7.jpg&#8220; hover_icon=&#8220;%%200%%&#8220; align=&#8220;right&#8220; \/][et_pb_text _builder_version=&#8220;3.17.2&#8243;]<\/p>\n<p>&nbsp;<\/p>\n<h4>Technische Daten:<\/h4>\n<p>Belichtungszeit; 1\/125s<br \/>\nBlende: 8<br \/>\nISO: 100<br \/>\nBrennweite: 70mm<\/p>\n<h4>Meine verwendete Ausr\u00fcstung f\u00fcr diese Aufnahme:<\/h4>\n<p><span style=\"color: #000000; font-family: Calibri;\">Sony Alpha 7R II<br \/>\n<\/span><span style=\"font-family: Calibri;\"><span style=\"color: #000000;\">Sony FE 4\/70-200 OSS<br \/>\nPixel RC-201\/S2 Fernausl\u00f6ser<br \/>\n<\/span><\/span><span style=\"color: #000000; font-family: Calibri;\">FEISOL Carbon Reisestativ CT-3401<br \/>\n<\/span><span style=\"color: #000000; font-family: Calibri;\">Feisol\u00a0 Kugelkopf CB-40D<br \/>\n<\/span><span style=\"color: #000000; font-family: Calibri;\">SanDisk Extreme PRO 128 GB SDXC Speicherkarte<br \/>\n<\/span><span style=\"color: #000000; font-family: Calibri;\">Adobe Lightroom CC<\/span><\/p>\n<p>&nbsp;<\/p>\n<p>[\/et_pb_text][et_pb_image _builder_version=&#8220;3.17.2&#8243; src=&#8220;http:\/\/www.erichpueschel.de\/wp-content\/uploads\/2019\/01\/sizilien_01-7-von-7.jpg&#8220; hover_icon=&#8220;%%200%%&#8220; align=&#8220;right&#8220; \/][\/et_pb_column][\/et_pb_row][\/et_pb_section][et_pb_section bb_built=&#8220;1&#8243; _builder_version=&#8220;3.17.2&#8243; prev_background_color=&#8220;#000000&#8243;][et_pb_row][et_pb_column type=&#8220;4_4&#8243;][\/et_pb_column][\/et_pb_row][\/et_pb_section]<\/p>\n","protected":false},"excerpt":{"rendered":"<p>[et_pb_section bb_built=&#8220;1&#8243; _builder_version=&#8220;3.17.2&#8243; next_background_color=&#8220;#000000&#8243;][et_pb_row][et_pb_column type=&#8220;4_4&#8243;][et_pb_text _builder_version=&#8220;3.19.11&#8243;] Eine Wanderung auf den \u00c4tna [\/et_pb_text][et_pb_image _builder_version=&#8220;3.17.2&#8243; src=&#8220;http:\/\/www.erichpueschel.de\/wp-content\/uploads\/2019\/01\/sizilien_01-6-von-7.jpg&#8220; show_in_lightbox=&#8220;on&#8220; use_overlay=&#8220;on&#8220; hover_icon=&#8220;%%200%%&#8220; \/][et_pb_text _builder_version=&#8220;3.17.2&#8243;] Eine Wanderung auf den \u00c4tna, den mit 3.323 Metern h\u00f6chsten\u00a0 Vulkan Europas. Nach einem sehr steilen Aufstieg \u00a0\u00fcber nicht endendes Lavager\u00f6ll erreicht man die h\u00f6heren, fotografisch sehr interessanten Regionen des \u00c4tnas. Die vielen abwechslungsreichen Motive entsch\u00e4digen [&hellip;]<\/p>\n","protected":false},"author":1,"featured_media":777,"comment_status":"open","ping_status":"open","sticky":false,"template":"","format":"standard","meta":{"_et_pb_use_builder":"on","_et_pb_old_content":"<p>[et_pb_section bb_built=\"1\" _builder_version=\"3.17.2\" next_background_color=\"#000000\"][et_pb_row][et_pb_column type=\"4_4\"][et_pb_image _builder_version=\"3.17.2\" src=\"http:\/\/www.erichpueschel.de\/wp-content\/uploads\/2019\/01\/sizilien_01-6-von-7.jpg\" show_in_lightbox=\"on\" use_overlay=\"on\" hover_icon=\"%%200%%\" \/][et_pb_text _builder_version=\"3.17.2\"]<\/p><p><span style=\"color: #000000;\"><span style=\"margin: 0px; padding: 0cm; border: 1pt windowtext; font-family: 'Calibri',sans-serif; font-size: 16pt;\">Eine Wanderung auf den \u00c4tna, den mit 3.323 Metern h\u00f6chsten\u00a0 Vulkan<\/span><span style=\"margin: 0px; font-family: 'Calibri',sans-serif; font-size: 16pt;\"> Europas. Nach einem sehr steilen Aufstieg \u00a0\u00fcber nicht endendes Lavager\u00f6ll erreicht man die h\u00f6heren, fotografisch sehr interessanten Regionen des \u00c4tnas.<\/span><\/span><\/p><p><span style=\"margin: 0px; padding: 0cm; border: 1pt windowtext; font-family: 'Calibri',sans-serif; font-size: 16pt;\"><span style=\"color: #000000;\">Die vielen abwechslungsreichen Motive entsch\u00e4digen f\u00fcr die M\u00fchen des Ausstiegs. \u00dcberall sind spektakul\u00e4re Aufnahmen des tiefschwarzen Lavagesteins m\u00f6glich. Oft sind Baumreste zu sehen, umschlossen von erkalteter Lava.<\/span><\/span><\/p><p><span style=\"margin: 0px; padding: 0cm; border: 1pt windowtext; font-family: 'Calibri',sans-serif; font-size: 16pt;\"><span style=\"color: #000000;\">Das Hauptproblem ist allerdings die, sich \u00fcberall festsetzende Vulkanasche.<\/span><\/span><\/p><p><span style=\"margin: 0px; padding: 0cm; border: 1pt windowtext; font-family: 'Calibri',sans-serif; font-size: 16pt;\"><span style=\"color: #000000;\">Ein st\u00e4ndiger Wind verteilt sie und jeder Objektivwechsel ist \u00e4u\u00dferst problematisch. Nach einer \u00c4tna Wanderung ist eine intensive Sensorreinigung unbedingt notwendig. <\/span><\/span><\/p><p><span style=\"color: #000000;\"><span style=\"margin: 0px; padding: 0cm; border: 1pt windowtext; font-family: 'Calibri',sans-serif; font-size: 16pt;\">Zuerst habe ich den Sensor gr\u00fcndlich mit dem Giottos Rocket Blower durchgepustet, danach mit dem Antistatischen Pinsel (<\/span><span style=\"margin: 0px; font-family: 'Calibri',sans-serif; font-size: 16pt;\">Visible Dust Arctic Butterfly) <\/span><span style=\"margin: 0px; padding: 0cm; border: 1pt windowtext; font-family: 'Calibri',sans-serif; font-size: 16pt;\">gereinigt und am Ende noch eine Nassreinigung (<\/span><span style=\"margin: 0px; font-family: 'Calibri',sans-serif; font-size: 16pt;\">Aeroclipse Optikreiniger in Verbindung mit <\/span><span style=\"margin: 0px; font-family: 'Calibri',sans-serif; font-size: 16pt;\">Sensor Swabs) durchgef\u00fchrt.<\/span><\/span><\/p><p><span style=\"margin: 0px; padding: 0cm; border: 1pt windowtext; font-family: 'Calibri',sans-serif; font-size: 16pt;\"><span style=\"color: #000000;\">Danach war der Sensor wieder absolut sauber!<\/span><\/span><\/p><p>[\/et_pb_text][et_pb_image _builder_version=\"3.17.2\" src=\"http:\/\/www.erichpueschel.de\/wp-content\/uploads\/2019\/01\/sizilien_01-4-von-7.jpg\" hover_icon=\"%%200%%\" align=\"right\" \/][et_pb_text _builder_version=\"3.17.2\"]<\/p><p>\u00a0<\/p><h4>Technische Daten:<\/h4><p>Belichtungszeit; 1\/125s<br \/>Blende: 8<br \/>ISO: 100<br \/>Brennweite: 70mm<\/p><h4>Meine verwendete Ausr\u00fcstung f\u00fcr diese Aufnahme:<\/h4><p><span style=\"color: #000000; font-family: Calibri;\">Sony Alpha 7R II<br \/><\/span><span style=\"font-family: Calibri;\"><span style=\"color: #000000;\">Sony FE 4\/70-200 OSS<br \/>Pixel RC-201\/S2 Fernausl\u00f6ser<br \/><\/span><\/span><span style=\"color: #000000; font-family: Calibri;\">FEISOL Carbon Reisestativ CT-3401<br \/><\/span><span style=\"color: #000000; font-family: Calibri;\">Feisol\u00a0 Kugelkopf CB-40D<br \/><\/span><span style=\"color: #000000; font-family: Calibri;\">SanDisk Extreme PRO 128 GB SDXC Speicherkarte<br \/><\/span><span style=\"color: #000000; font-family: Calibri;\">Adobe Lightroom CC<\/span><\/p><p>\u00a0<\/p><p>[\/et_pb_text][et_pb_image _builder_version=\"3.17.2\" src=\"http:\/\/www.erichpueschel.de\/wp-content\/uploads\/2019\/01\/sizilien_01-7-von-7.jpg\" hover_icon=\"%%200%%\" align=\"right\" \/][\/et_pb_column][\/et_pb_row][\/et_pb_section][et_pb_section bb_built=\"1\" _builder_version=\"3.17.2\" prev_background_color=\"#000000\"][et_pb_row][et_pb_column type=\"4_4\"][\/et_pb_column][\/et_pb_row][\/et_pb_section]<\/p>","_et_gb_content_width":"","footnotes":""},"categories":[10],"tags":[],"class_list":["post-773","post","type-post","status-publish","format-standard","has-post-thumbnail","hentry","category-bilder-und-geschichten"],"_links":{"self":[{"href":"https:\/\/www.erichpueschel.de\/index.php?rest_route=\/wp\/v2\/posts\/773","targetHints":{"allow":["GET"]}}],"collection":[{"href":"https:\/\/www.erichpueschel.de\/index.php?rest_route=\/wp\/v2\/posts"}],"about":[{"href":"https:\/\/www.erichpueschel.de\/index.php?rest_route=\/wp\/v2\/types\/post"}],"author":[{"embeddable":true,"href":"https:\/\/www.erichpueschel.de\/index.php?rest_route=\/wp\/v2\/users\/1"}],"replies":[{"embeddable":true,"href":"https:\/\/www.erichpueschel.de\/index.php?rest_route=%2Fwp%2Fv2%2Fcomments&post=773"}],"version-history":[{"count":18,"href":"https:\/\/www.erichpueschel.de\/index.php?rest_route=\/wp\/v2\/posts\/773\/revisions"}],"predecessor-version":[{"id":843,"href":"https:\/\/www.erichpueschel.de\/index.php?rest_route=\/wp\/v2\/posts\/773\/revisions\/843"}],"wp:featuredmedia":[{"embeddable":true,"href":"https:\/\/www.erichpueschel.de\/index.php?rest_route=\/wp\/v2\/media\/777"}],"wp:attachment":[{"href":"https:\/\/www.erichpueschel.de\/index.php?rest_route=%2Fwp%2Fv2%2Fmedia&parent=773"}],"wp:term":[{"taxonomy":"category","embeddable":true,"href":"https:\/\/www.erichpueschel.de\/index.php?rest_route=%2Fwp%2Fv2%2Fcategories&post=773"},{"taxonomy":"post_tag","embeddable":true,"href":"https:\/\/www.erichpueschel.de\/index.php?rest_route=%2Fwp%2Fv2%2Ftags&post=773"}],"curies":[{"name":"wp","href":"https:\/\/api.w.org\/{rel}","templated":true}]}}