{"id":738,"date":"2018-12-19T12:30:47","date_gmt":"2018-12-19T11:30:47","guid":{"rendered":"http:\/\/www.erichpueschel.de\/?p=738"},"modified":"2019-02-04T13:13:40","modified_gmt":"2019-02-04T12:13:40","slug":"die-fotoreportage-teil2","status":"publish","type":"post","link":"https:\/\/www.erichpueschel.de\/?p=738","title":{"rendered":"Die Fotoreportage Teil2"},"content":{"rendered":"<p>[et_pb_section bb_built=&#8220;1&#8243;][et_pb_row][et_pb_column type=&#8220;4_4&#8243;][et_pb_text _builder_version=&#8220;3.19.11&#8243;]<\/p>\n<h2><span style=\"display: inline !important; float: none; background-color: #ffffff; color: #333333; font-family: 'Quicksand',Helvetica,Arial,Lucida,sans-serif; font-size: 36px; font-style: normal; font-variant: normal; font-weight: normal; letter-spacing: normal; line-height: 1.7em; -ms-text-size-adjust: 100%; orphans: 2; text-align: left; text-decoration: none; text-indent: 0px; text-transform: uppercase; -webkit-text-stroke-width: 0px; white-space: normal; word-spacing: 0px;\">Die Fotoreportage Teil2<\/span><\/h2>\n<p>[\/et_pb_text][et_pb_text _builder_version=&#8220;3.17.2&#8243;]<\/p>\n<p><strong>Nahaufnahmen <\/strong><\/p>\n<p>Nat\u00fcrlich lebt eine Reportage auch von den Kleinigkeiten und Gesichtern. Von der Struktur einer Reportage h\u00e4ngt es ab, ob mehr Details mit aufgenommen werden.<br \/>\nDas klassische Beispiel hierf\u00fcr ist die wissenschaftliche Reportage.<br \/>\nZuerst das Weitwinkel zum \u00dcberblick danach folgen naturgem\u00e4\u00df mehr Detailbilder.<\/p>\n<p><strong>Menschen<\/strong><\/p>\n<p>Der am Abstand schwierigste Teil einer guten Reportage sind Fotos von Menschen, vor allem wenn nur ein Gesicht auf das Foto kommt. Hierbei ist die Kommunikation, bzw., die Interaktion zu den Akteuren von entscheidender Bedeutung. Fotos mit Empathie f\u00fcr die beteiligten Menschen sind immer erheblich ausdruckst\u00e4rker.<br \/>\nDie Vorbereitung solcher Fotos ist allerding sehr schwierig, die neue Datenschutzverordnung macht eine Einverst\u00e4ndniserkl\u00e4rung der fotografierten Menschen zwingend notwendig!<\/p>\n<p><strong>Lass Dir Zeit<\/strong><\/p>\n<p>Wichtig ist gen\u00fcgend Zeit f\u00fcr eine Fotoreportage einzuplanen.<br \/>\nEs kommt immer zu Verz\u00f6gerungen\u00a0 und nicht kalkulierbaren Wartezeiten. Au\u00dferdem ist es meistens notwendig zu improvisieren<br \/>\num sich auf \u00c4nderungen einzustellen.<\/p>\n<p><strong>Halte dich an moralische Vorgaben\/Gesetze<\/strong><\/p>\n<p>Ihr solltet immer die moralischen Aspekte vor Augen haben,<br \/>\nwann f\u00e4ngt ein Foto an diese zu verletzen. Ein gutes Beispiel sind die \u201ePaparazzi\u201c, die diese Grenzen h\u00e4ufig verletzen.<br \/>\nAuch soll eine Reportage nicht gegen die Gesetze des entsprechenden Landes\u00a0 versto\u00dfen.<br \/>\nAusnahme sind wohl Unrechtsregime, dann sind die Bilder mit einem pers\u00f6nlich hohen Risiko verbunden!<\/p>\n<p><strong>\u00a0<\/strong><strong>Nachbearbeitung und Pr\u00e4sentation<\/strong><\/p>\n<p>Nat\u00fcrlich ist auch eine Nachbearbeitung von Reportagefotos m\u00f6glich, dabei sind aber enge Grenzen gesetzt. Jede Bildmanipulation sollte tunlichst vermieden werden. D.h. es werden keine Bildteile im Photoshop entfernt oder neue Elemente hinein retuschiert.<\/p>\n<p>Schon bei der Aufnahme ist darauf zu achten, keine Werbung oder Markenprodukte mit aufzunehmen. Bei der Bildkomposition sind immer auf solche Kleinigkeiten zu achten. Normale Kontrast-und Helligkeitsver\u00e4nderungen wurden auch schon immer in der analogen Fotoreportage angewandt. In der digitalen Reportage ist empfehlenswert diese in Color zu fotografieren und erst in der Bildbearbeitung in Schwarz-Wei\u00df umzuwandeln.<br \/>\nAbschlie\u00dfend wird die Reportage auf wenige Bilder beschr\u00e4nkt und in eine sinnvolle Reihenfolge gebracht.<br \/>\nBildunterschriften sind oft hilfreich die jeweiligen Fotos besser zu erkl\u00e4ren.<\/p>\n<p>&nbsp;<\/p>\n<p>&nbsp;<\/p>\n<p>&nbsp;<\/p>\n<p>[\/et_pb_text][et_pb_image _builder_version=&#8220;3.17.2&#8243; src=&#8220;http:\/\/www.erichpueschel.de\/wp-content\/uploads\/2018\/12\/seebad_02.jpg&#8220; show_in_lightbox=&#8220;on&#8220; \/][et_pb_image _builder_version=&#8220;3.17.2&#8243; src=&#8220;http:\/\/www.erichpueschel.de\/wp-content\/uploads\/2018\/12\/seebad_05.jpg&#8220; show_in_lightbox=&#8220;on&#8220; \/][et_pb_image _builder_version=&#8220;3.17.2&#8243; src=&#8220;http:\/\/www.erichpueschel.de\/wp-content\/uploads\/2018\/12\/seebad_01.jpg&#8220; show_in_lightbox=&#8220;on&#8220; \/][et_pb_image _builder_version=&#8220;3.17.2&#8243; src=&#8220;http:\/\/www.erichpueschel.de\/wp-content\/uploads\/2018\/12\/seebad_04.jpg&#8220; show_in_lightbox=&#8220;on&#8220; \/][et_pb_image _builder_version=&#8220;3.17.2&#8243; src=&#8220;http:\/\/www.erichpueschel.de\/wp-content\/uploads\/2018\/12\/seebad_03.jpg&#8220; show_in_lightbox=&#8220;on&#8220; \/][et_pb_image _builder_version=&#8220;3.17.2&#8243; src=&#8220;http:\/\/www.erichpueschel.de\/wp-content\/uploads\/2018\/12\/seebad_06.jpg&#8220; show_in_lightbox=&#8220;on&#8220; \/][et_pb_text _builder_version=&#8220;3.17.2&#8243;]<\/p>\n<p><strong>Beispiel einer Fotoreportage \u00fcber den morbiden Charme der Seeb\u00e4der in Belgien und England<\/strong><\/p>\n<p>Diese Reportage habe ich im Herbst 1987 und 1988 fotografiert. Sie zeigt verschiedene Seeb\u00e4der und ihren schleichenden Verfall.<br \/>\nSie entwickelten aber einen ungeahnten morbiden Charme und ein Interesse diesen fotografisch umzusetzen.<\/p>\n<p>[\/et_pb_text][\/et_pb_column][\/et_pb_row][\/et_pb_section]<\/p>\n","protected":false},"excerpt":{"rendered":"<p>[et_pb_section bb_built=&#8220;1&#8243;][et_pb_row][et_pb_column type=&#8220;4_4&#8243;][et_pb_text _builder_version=&#8220;3.19.11&#8243;] Die Fotoreportage Teil2 [\/et_pb_text][et_pb_text _builder_version=&#8220;3.17.2&#8243;] Nahaufnahmen Nat\u00fcrlich lebt eine Reportage auch von den Kleinigkeiten und Gesichtern. Von der Struktur einer Reportage h\u00e4ngt es ab, ob mehr Details mit aufgenommen werden. Das klassische Beispiel hierf\u00fcr ist die wissenschaftliche Reportage. Zuerst das Weitwinkel zum \u00dcberblick danach folgen naturgem\u00e4\u00df mehr Detailbilder. Menschen Der am [&hellip;]<\/p>\n","protected":false},"author":1,"featured_media":748,"comment_status":"open","ping_status":"open","sticky":false,"template":"","format":"standard","meta":{"_et_pb_use_builder":"on","_et_pb_old_content":"<p>[et_pb_section bb_built=\"1\"][et_pb_row][et_pb_column type=\"4_4\"][et_pb_text _builder_version=\"3.17.2\"]<\/p><p><strong>Nahaufnahmen <\/strong><\/p><p>Nat\u00fcrlich lebt eine Reportage auch von den Kleinigkeiten und Gesichtern. Von der Struktur einer Reportage h\u00e4ngt es ab, ob mehr Details mit aufgenommen werden.<br \/>Das klassische Beispiel hierf\u00fcr ist die wissenschaftliche Reportage.<br \/>Zuerst das Weitwinkel zum \u00dcberblick danach folgen naturgem\u00e4\u00df mehr Detailbilder.<\/p><p><strong>Menschen<\/strong><\/p><p>Der am Abstand schwierigste Teil einer guten Reportage sind Fotos von Menschen, vor allem wenn nur ein Gesicht auf das Foto kommt. Hierbei ist die Kommunikation, bzw., die Interaktion zu den Akteuren von entscheidender Bedeutung. Fotos mit Empathie f\u00fcr die beteiligten Menschen sind immer erheblich ausdruckst\u00e4rker.<br \/>Die Vorbereitung solcher Fotos ist allerding sehr schwierig, die neue Datenschutzverordnung macht eine Einverst\u00e4ndniserkl\u00e4rung der fotografierten Menschen zwingend notwendig!<\/p><p><strong>Lass Dir Zeit<\/strong><\/p><p>Wichtig ist gen\u00fcgend Zeit f\u00fcr eine Fotoreportage einzuplanen.<br \/>Es kommt immer zu Verz\u00f6gerungen\u00a0 und nicht kalkulierbaren Wartezeiten. Au\u00dferdem ist es meistens notwendig zu improvisieren<br \/>um sich auf \u00c4nderungen einzustellen.<\/p><p><strong>Halte dich an moralische Vorgaben\/Gesetze<\/strong><\/p><p>Ihr solltet immer die moralischen Aspekte vor Augen haben,<br \/>wann f\u00e4ngt ein Foto an diese zu verletzen. Ein gutes Beispiel sind die \u201ePaparazzi\u201c, die diese Grenzen h\u00e4ufig verletzen.<br \/>Auch soll eine Reportage nicht gegen die Gesetze des entsprechenden Landes\u00a0 versto\u00dfen.<br \/>Ausnahme sind wohl Unrechtsregime, dann sind die Bilder mit einem pers\u00f6nlich hohen Risiko verbunden!<\/p><p><strong>\u00a0<\/strong><strong>Nachbearbeitung und Pr\u00e4sentation<\/strong><\/p><p>Nat\u00fcrlich ist auch eine Nachbearbeitung von Reportagefotos m\u00f6glich, dabei sind aber enge Grenzen gesetzt. Jede Bildmanipulation sollte tunlichst vermieden werden. D.h. es werden keine Bildteile im Photoshop entfernt oder neue Elemente hinein retuschiert.<\/p><p>Schon bei der Aufnahme ist darauf zu achten, keine Werbung oder Markenprodukte mit aufzunehmen. Bei der Bildkomposition sind immer auf solche Kleinigkeiten zu achten. Normale Kontrast-und Helligkeitsver\u00e4nderungen wurden auch schon immer in der analogen Fotoreportage angewandt. In der digitalen Reportage ist empfehlenswert diese in Color zu fotografieren und erst in der Bildbearbeitung in Schwarz-Wei\u00df umzuwandeln.<br \/>Abschlie\u00dfend wird die Reportage auf wenige Bilder beschr\u00e4nkt und in eine sinnvolle Reihenfolge gebracht.<br \/>Bildunterschriften sind oft hilfreich die jeweiligen Fotos besser zu erkl\u00e4ren.<\/p><p>\u00a0<\/p><p>\u00a0<\/p><p>\u00a0<\/p><p>[\/et_pb_text][et_pb_image _builder_version=\"3.17.2\" src=\"http:\/\/www.erichpueschel.de\/wp-content\/uploads\/2018\/12\/seebad_02.jpg\" show_in_lightbox=\"on\" \/][et_pb_image _builder_version=\"3.17.2\" src=\"http:\/\/www.erichpueschel.de\/wp-content\/uploads\/2018\/12\/seebad_05.jpg\" show_in_lightbox=\"on\" \/][et_pb_image _builder_version=\"3.17.2\" src=\"http:\/\/www.erichpueschel.de\/wp-content\/uploads\/2018\/12\/seebad_01.jpg\" show_in_lightbox=\"on\" \/][et_pb_image _builder_version=\"3.17.2\" src=\"http:\/\/www.erichpueschel.de\/wp-content\/uploads\/2018\/12\/seebad_04.jpg\" show_in_lightbox=\"on\" \/][et_pb_image _builder_version=\"3.17.2\" src=\"http:\/\/www.erichpueschel.de\/wp-content\/uploads\/2018\/12\/seebad_03.jpg\" show_in_lightbox=\"on\" \/][et_pb_image _builder_version=\"3.17.2\" src=\"http:\/\/www.erichpueschel.de\/wp-content\/uploads\/2018\/12\/seebad_06.jpg\" show_in_lightbox=\"on\" \/][et_pb_text _builder_version=\"3.17.2\"]<\/p><p><strong>Beispiel einer Fotoreportage \u00fcber den morbiden Charme der Seeb\u00e4der in Belgien und England<\/strong><\/p><p>Diese Reportage habe ich im Herbst 1987 und 1988 fotografiert. Sie zeigt verschiedene Seeb\u00e4der und ihren schleichenden Verfall.<br \/>Sie entwickelten aber einen ungeahnten morbiden Charme und ein Interesse diesen fotografisch umzusetzen.<\/p><p>[\/et_pb_text][\/et_pb_column][\/et_pb_row][\/et_pb_section]<\/p>","_et_gb_content_width":"","footnotes":""},"categories":[11],"tags":[],"class_list":["post-738","post","type-post","status-publish","format-standard","has-post-thumbnail","hentry","category-fotothemen"],"_links":{"self":[{"href":"https:\/\/www.erichpueschel.de\/index.php?rest_route=\/wp\/v2\/posts\/738","targetHints":{"allow":["GET"]}}],"collection":[{"href":"https:\/\/www.erichpueschel.de\/index.php?rest_route=\/wp\/v2\/posts"}],"about":[{"href":"https:\/\/www.erichpueschel.de\/index.php?rest_route=\/wp\/v2\/types\/post"}],"author":[{"embeddable":true,"href":"https:\/\/www.erichpueschel.de\/index.php?rest_route=\/wp\/v2\/users\/1"}],"replies":[{"embeddable":true,"href":"https:\/\/www.erichpueschel.de\/index.php?rest_route=%2Fwp%2Fv2%2Fcomments&post=738"}],"version-history":[{"count":14,"href":"https:\/\/www.erichpueschel.de\/index.php?rest_route=\/wp\/v2\/posts\/738\/revisions"}],"predecessor-version":[{"id":766,"href":"https:\/\/www.erichpueschel.de\/index.php?rest_route=\/wp\/v2\/posts\/738\/revisions\/766"}],"wp:featuredmedia":[{"embeddable":true,"href":"https:\/\/www.erichpueschel.de\/index.php?rest_route=\/wp\/v2\/media\/748"}],"wp:attachment":[{"href":"https:\/\/www.erichpueschel.de\/index.php?rest_route=%2Fwp%2Fv2%2Fmedia&parent=738"}],"wp:term":[{"taxonomy":"category","embeddable":true,"href":"https:\/\/www.erichpueschel.de\/index.php?rest_route=%2Fwp%2Fv2%2Fcategories&post=738"},{"taxonomy":"post_tag","embeddable":true,"href":"https:\/\/www.erichpueschel.de\/index.php?rest_route=%2Fwp%2Fv2%2Ftags&post=738"}],"curies":[{"name":"wp","href":"https:\/\/api.w.org\/{rel}","templated":true}]}}