{"id":716,"date":"2018-12-19T12:06:06","date_gmt":"2018-12-19T11:06:06","guid":{"rendered":"http:\/\/www.erichpueschel.de\/?p=716"},"modified":"2019-04-01T16:11:22","modified_gmt":"2019-04-01T14:11:22","slug":"die-fotoreportage","status":"publish","type":"post","link":"https:\/\/www.erichpueschel.de\/?p=716","title":{"rendered":"Die Fotoreportage Teil1"},"content":{"rendered":"<p>[et_pb_section bb_built=&#8220;1&#8243;][et_pb_row][et_pb_column type=&#8220;4_4&#8243;][et_pb_text _builder_version=&#8220;3.19.11&#8243;]<\/p>\n<h2><span style=\"display: inline !important; float: none; background-color: #ffffff; color: #333333; font-family: 'Quicksand',Helvetica,Arial,Lucida,sans-serif; font-size: 36px; font-style: normal; font-variant: normal; font-weight: normal; letter-spacing: normal; line-height: 1.7em; -ms-text-size-adjust: 100%; orphans: 2; text-align: left; text-decoration: none; text-indent: 0px; text-transform: uppercase; -webkit-text-stroke-width: 0px; white-space: normal; word-spacing: 0px;\">Die Fotoreportage Teil1<\/span><\/h2>\n<p>[\/et_pb_text][et_pb_text _builder_version=&#8220;3.17.2&#8243;]<\/p>\n<p>\n(Die Kunst eine Geschichte mit Bildern zu erz\u00e4hlen.)<\/p>\n<p>Andere Begriffe sind Dokumentarfotografie oder auch Fotojournalismus.<\/p>\n<p>Auch bei der Fotoreportage ist es wichtig einen eigenen Stil zu finden.<br \/>\nEin gutes Beispiel ist Martin Parr, seine Bilder haben eine sehr hohe Wiedererkennungsrate.<br \/>\nDie Reportage stammt aus dem Bereich des Fotojournalismus und ist ein Mittel zum Geschichten erz\u00e4hlen durch Bilder, in der Regel mit wenigen Worten.<\/p>\n<p>Weitere Beispiele sind Inge Morath, Susan Meiselas und andere wie Elliott Erwitt und Sebasti\u00e3o Salgado.<br \/>\nAlle ihre Bilder haben einen einheitlichen Stil, der sich durch ihre Reportagen wie ein roter Faden zieht.<\/p>\n<p>H\u00e4ufig wird durch beeindruckende Schwarz-Wei\u00df Fotografien, die Bildaussage auf das Wesentliche reduziert, es gibt keine Farbe die ablenken kann.<br \/>\nNat\u00fcrlich gibt es auch FotografInnen die sich auf Color spezialisiert haben, ein sehr gutes Beispiel ist Martin Parr.<\/p>\n<h5><strong>\u00a0<\/strong><strong>10 Tipps f\u00fcr den perfekten Einstieg in die Reportagefotografie<\/strong><\/h5>\n<p><strong>Besch\u00e4ftigt euch mit dem Thema<\/strong><\/p>\n<p>Vor der ersten Aufnahme ist es \u00e4u\u00dferst wichtig \u00fcber das Thema zu recherchieren, Hintergr\u00fcnde zu finden in der Literatur oder nat\u00fcrlich auch im Internet. Dies f\u00f6rdert das eigene Verst\u00e4ndnis und hilft\u00a0 FotografInnen sich zu sensibilisieren. Die theoretische Planung der Reportage hilft im richtigen Moment am richtigen Platz zu sein.<\/p>\n<p><strong>\u00a0<\/strong><strong>Schaut euch die gro\u00dfen ver\u00f6ffentlichten Reportagen an<\/strong>.<\/p>\n<p>Wie geht eine Morath an das Thema heran.<br \/>\nWas sind die Bausteine der Reportagen von\u00a0 Margaret Bourke-White\u00a0 oder Werner Bischof. Durch das Analysieren und die Betrachtung wird das eigene Auge geschult und es f\u00e4llt leichter eine tiefgr\u00fcndige Reportage zu erstellen.<\/p>\n<p><strong>Das Thema erarbeiten (\u00dcberlegungen vor dem ersten Foto)<\/strong><\/p>\n<p>Ein Konzept erarbeiten, welche Technik m\u00f6chte ich verwenden?<br \/>\nSoll die Reportage eher weitwinklig fotografiert werden?<br \/>\n<em>Weitwinkel-Fotos vermitteln dem Betrachter der Aufnahmen, sich mehr im Geschehen zu befinden.<br \/>\n<\/em>Wird die Reportage in Schwarz-Wei\u00df geplant oder soll doch Color verwendet werden?<br \/>\nSoll ein Blitz oder mehrere Blitze verwendet werden?<br \/>\nIst ein Stativ notwendig?<\/p>\n<p>Diese \u00dcberlegungen im Vorfeld helfen eine fl\u00fcssige Fotoreportage zu erzielen, und nicht st\u00e4ndige Unterbrechungen, wie z.B. durch einen Objektivwechsel, zu haben.<\/p>\n<p><strong>\u00a0<\/strong><strong>Die Realit\u00e4t wiedergeben<\/strong><\/p>\n<p>Ein sehr wichtiger Punkt bei der kritischen hinterfragenden Reportage ist die Wiedergabe der Realit\u00e4t. Die Reportage soll die Wahrheit wiederspiegeln und nicht besch\u00f6nigen.<br \/>\nNat\u00fcrlich gibt es auch Ausnahmen dieser Regel, wie die z.B. \u00a0Hochzeitsreportage.<\/p>\n<p><strong>Mehr aufs Foto (zumindest am Anfang)<\/strong><\/p>\n<p>Gebt dem Betrachter die M\u00f6glichkeit sich in einer Reportage zurechtzufinden, d.h. am Anfang der Reportage sind eher Bilder die dem Betrachter helfen sich zu orientieren, sp\u00e4ter k\u00f6nnen auch Detailaufnahmen folgen<\/p>\n<p>&nbsp;<\/p>\n<p>&nbsp;<\/p>\n<p>&nbsp;<\/p>\n<p>&nbsp;<\/p>\n<p>[\/et_pb_text][et_pb_image _builder_version=&#8220;3.17.2&#8243; src=&#8220;http:\/\/www.erichpueschel.de\/wp-content\/uploads\/2018\/12\/wackersdorf_01.jpg&#8220; show_in_lightbox=&#8220;on&#8220; \/][et_pb_image _builder_version=&#8220;3.17.2&#8243; src=&#8220;http:\/\/www.erichpueschel.de\/wp-content\/uploads\/2018\/12\/wackersdorf_02.jpg&#8220; show_in_lightbox=&#8220;on&#8220; \/][et_pb_image _builder_version=&#8220;3.17.2&#8243; src=&#8220;http:\/\/www.erichpueschel.de\/wp-content\/uploads\/2018\/12\/wackersdorf_03.jpg&#8220; show_in_lightbox=&#8220;on&#8220; \/][et_pb_image _builder_version=&#8220;3.17.2&#8243; src=&#8220;http:\/\/www.erichpueschel.de\/wp-content\/uploads\/2018\/12\/wackersdorf_04.jpg&#8220; show_in_lightbox=&#8220;on&#8220; \/][et_pb_image _builder_version=&#8220;3.17.2&#8243; src=&#8220;http:\/\/www.erichpueschel.de\/wp-content\/uploads\/2018\/12\/wackersdorf_05-1.jpg&#8220; show_in_lightbox=&#8220;on&#8220; \/][et_pb_image _builder_version=&#8220;3.17.2&#8243; src=&#8220;http:\/\/www.erichpueschel.de\/wp-content\/uploads\/2018\/12\/wackersdorf_06.jpg&#8220; show_in_lightbox=&#8220;on&#8220; \/][et_pb_image _builder_version=&#8220;3.17.2&#8243; src=&#8220;http:\/\/www.erichpueschel.de\/wp-content\/uploads\/2018\/12\/wackersdorf_07.jpg&#8220; show_in_lightbox=&#8220;on&#8220; \/][et_pb_image _builder_version=&#8220;3.17.2&#8243; src=&#8220;http:\/\/www.erichpueschel.de\/wp-content\/uploads\/2018\/12\/wackersdorf_08.jpg&#8220; show_in_lightbox=&#8220;on&#8220; \/][et_pb_image _builder_version=&#8220;3.17.2&#8243; src=&#8220;http:\/\/www.erichpueschel.de\/wp-content\/uploads\/2018\/12\/wackersdorf_09-1.jpg&#8220; show_in_lightbox=&#8220;on&#8220; \/][et_pb_image _builder_version=&#8220;3.17.2&#8243; src=&#8220;http:\/\/www.erichpueschel.de\/wp-content\/uploads\/2018\/12\/wackersdorf_10.jpg&#8220; show_in_lightbox=&#8220;on&#8220; \/][et_pb_text _builder_version=&#8220;3.21&#8243;]<\/p>\n<p>\u00a0<\/p>\n<p><strong>Beispiel einer Fotoreportage der Proteste gegen die Wiederaufbereitungsanlage Wackersdorf.<\/strong><\/p>\n<p>Ich habe sie \u00fcber einen Zeitraum von fast einem Jahr (1986\/87) fotografiert. Die Bedingungen waren sehr schwierig und es herrschte bei einigen wenigen eine extreme Gewaltbereitschaft.<br \/>Die Reportage wurde unter anderem von\u00a0 der Zeitschrift \u201eDer Spiegel&#8220; gekauft und war ein Titelbild der &#8222;SWP Ulm&#8220;.<\/p>\n<p>[\/et_pb_text][\/et_pb_column][\/et_pb_row][\/et_pb_section]<\/p>\n","protected":false},"excerpt":{"rendered":"<p>[et_pb_section bb_built=&#8220;1&#8243;][et_pb_row][et_pb_column type=&#8220;4_4&#8243;][et_pb_text _builder_version=&#8220;3.19.11&#8243;] Die Fotoreportage Teil1 [\/et_pb_text][et_pb_text _builder_version=&#8220;3.17.2&#8243;] (Die Kunst eine Geschichte mit Bildern zu erz\u00e4hlen.) Andere Begriffe sind Dokumentarfotografie oder auch Fotojournalismus. Auch bei der Fotoreportage ist es wichtig einen eigenen Stil zu finden. Ein gutes Beispiel ist Martin Parr, seine Bilder haben eine sehr hohe Wiedererkennungsrate. Die Reportage stammt aus dem Bereich [&hellip;]<\/p>\n","protected":false},"author":1,"featured_media":726,"comment_status":"open","ping_status":"open","sticky":false,"template":"","format":"standard","meta":{"_et_pb_use_builder":"on","_et_pb_old_content":"<p>[et_pb_section bb_built=\"1\"][et_pb_row][et_pb_column type=\"4_4\"][et_pb_text _builder_version=\"3.17.2\"]<\/p><p>(Die Kunst eine Geschichte mit Bildern zu erz\u00e4hlen.)<\/p><p>Andere Begriffe sind Dokumentarfotografie oder auch Fotojournalismus.<\/p><p>Auch bei der Fotoreportage ist es wichtig einen eigenen Stil zu finden.<br \/>Ein gutes Beispiel ist Martin Parr, seine Bilder haben eine sehr hohe Wiedererkennungsrate.<br \/>Die Reportage stammt aus dem Bereich des Fotojournalismus und ist ein Mittel zum Geschichten erz\u00e4hlen durch Bilder, in der Regel mit wenigen Worten.<\/p><p>Weitere Beispiele sind Inge Morath, Susan Meiselas und andere wie Elliott Erwitt und Sebasti\u00e3o Salgado.<br \/>Alle ihre Bilder haben einen einheitlichen Stil, der sich durch ihre Reportagen wie ein roter Faden zieht.<\/p><p>H\u00e4ufig wird durch beeindruckende Schwarz-Wei\u00df Fotografien, die Bildaussage auf das Wesentliche reduziert, es gibt keine Farbe die ablenken kann.<br \/>Nat\u00fcrlich gibt es auch FotografInnen die sich auf Color spezialisiert haben, ein sehr gutes Beispiel ist Martin Parr.<\/p><h5><strong>\u00a0<\/strong><strong>10 Tipps f\u00fcr den perfekten Einstieg in die Reportagefotografie<\/strong><\/h5><p><strong>Besch\u00e4ftigt euch mit dem Thema<\/strong><\/p><p>Vor der ersten Aufnahme ist es \u00e4u\u00dferst wichtig \u00fcber das Thema zu recherchieren, Hintergr\u00fcnde zu finden in der Literatur oder nat\u00fcrlich auch im Internet. Dies f\u00f6rdert das eigene Verst\u00e4ndnis und hilft\u00a0 FotografInnen sich zu sensibilisieren. Die theoretische Planung der Reportage hilft im richtigen Moment am richtigen Platz zu sein.<\/p><p><strong>\u00a0<\/strong><strong>Schaut euch die gro\u00dfen ver\u00f6ffentlichten Reportagen an<\/strong>.<\/p><p>Wie geht eine Morath an das Thema heran.<br \/>Was sind die Bausteine der Reportagen von\u00a0 Margaret Bourke-White\u00a0 oder Werner Bischof. Durch das Analysieren und die Betrachtung wird das eigene Auge geschult und es f\u00e4llt leichter eine tiefgr\u00fcndige Reportage zu erstellen.<\/p><p><strong>Das Thema erarbeiten (\u00dcberlegungen vor dem ersten Foto)<\/strong><\/p><p>Ein Konzept erarbeiten, welche Technik m\u00f6chte ich verwenden?<br \/>Soll die Reportage eher weitwinklig fotografiert werden?<br \/><em>Weitwinkel-Fotos vermitteln dem Betrachter der Aufnahmen, sich mehr im Geschehen zu befinden.<br \/><\/em>Wird die Reportage in Schwarz-Wei\u00df geplant oder soll doch Color verwendet werden?<br \/>Soll ein Blitz oder mehrere Blitze verwendet werden?<br \/>Ist ein Stativ notwendig?<\/p><p>Diese \u00dcberlegungen im Vorfeld helfen eine fl\u00fcssige Fotoreportage zu erzielen, und nicht st\u00e4ndige Unterbrechungen, wie z.B. durch einen Objektivwechsel, zu haben.<\/p><p><strong>\u00a0<\/strong><strong>Die Realit\u00e4t wiedergeben<\/strong><\/p><p>Ein sehr wichtiger Punkt bei der kritischen hinterfragenden Reportage ist die Wiedergabe der Realit\u00e4t. Die Reportage soll die Wahrheit wiederspiegeln und nicht besch\u00f6nigen.<br \/>Nat\u00fcrlich gibt es auch Ausnahmen dieser Regel, wie die z.B. \u00a0Hochzeitsreportage.<\/p><p><strong>Mehr aufs Foto (zumindest am Anfang)<\/strong><\/p><p>Gebt dem Betrachter die M\u00f6glichkeit sich in einer Reportage zurechtzufinden, d.h. am Anfang der Reportage sind eher Bilder die dem Betrachter helfen sich zu orientieren, sp\u00e4ter k\u00f6nnen auch Detailaufnahmen folgen<\/p><p>\u00a0<\/p><p>\u00a0<\/p><p>\u00a0<\/p><p>\u00a0<\/p><p>[\/et_pb_text][et_pb_image _builder_version=\"3.17.2\" src=\"http:\/\/www.erichpueschel.de\/wp-content\/uploads\/2018\/12\/wackersdorf_01.jpg\" show_in_lightbox=\"on\" \/][et_pb_image _builder_version=\"3.17.2\" src=\"http:\/\/www.erichpueschel.de\/wp-content\/uploads\/2018\/12\/wackersdorf_02.jpg\" show_in_lightbox=\"on\" \/][et_pb_image _builder_version=\"3.17.2\" src=\"http:\/\/www.erichpueschel.de\/wp-content\/uploads\/2018\/12\/wackersdorf_03.jpg\" show_in_lightbox=\"on\" \/][et_pb_image _builder_version=\"3.17.2\" src=\"http:\/\/www.erichpueschel.de\/wp-content\/uploads\/2018\/12\/wackersdorf_04.jpg\" show_in_lightbox=\"on\" \/][et_pb_image _builder_version=\"3.17.2\" src=\"http:\/\/www.erichpueschel.de\/wp-content\/uploads\/2018\/12\/wackersdorf_05-1.jpg\" show_in_lightbox=\"on\" \/][et_pb_image _builder_version=\"3.17.2\" src=\"http:\/\/www.erichpueschel.de\/wp-content\/uploads\/2018\/12\/wackersdorf_06.jpg\" show_in_lightbox=\"on\" \/][et_pb_image _builder_version=\"3.17.2\" src=\"http:\/\/www.erichpueschel.de\/wp-content\/uploads\/2018\/12\/wackersdorf_07.jpg\" show_in_lightbox=\"on\" \/][et_pb_image _builder_version=\"3.17.2\" src=\"http:\/\/www.erichpueschel.de\/wp-content\/uploads\/2018\/12\/wackersdorf_08.jpg\" show_in_lightbox=\"on\" \/][et_pb_image _builder_version=\"3.17.2\" src=\"http:\/\/www.erichpueschel.de\/wp-content\/uploads\/2018\/12\/wackersdorf_09-1.jpg\" show_in_lightbox=\"on\" \/][et_pb_image _builder_version=\"3.17.2\" src=\"http:\/\/www.erichpueschel.de\/wp-content\/uploads\/2018\/12\/wackersdorf_10.jpg\" show_in_lightbox=\"on\" \/][et_pb_text _builder_version=\"3.17.2\"]<\/p><p>\u00a0<\/p><p><strong>Beispiel einer Fotoreportage der Proteste gegen die Wiederaufbereitungsanlage Wackersdorf.<\/strong><\/p><p>Ich habe sie \u00fcber einen Zeitraum von fast einem Jahr (1986\/87) fotografiert. Die Bedingungen waren sehr schwierig und es herrschte bei einigen wenigen eine extreme Gewaltbereitschaft.<br \/>Die Reportage wurde unter anderem von\u00a0 der Zeitschrift \u201eDer Spiegel\" gekauft und war ein Titelbild der \"SWP Ulm\".<\/p><p>\u00a0<\/p><p>\u00a0<\/p><p>\u00a0<\/p><p>\u00a0<\/p><p>[\/et_pb_text][\/et_pb_column][\/et_pb_row][\/et_pb_section]<\/p>","_et_gb_content_width":"","footnotes":""},"categories":[11],"tags":[],"class_list":["post-716","post","type-post","status-publish","format-standard","has-post-thumbnail","hentry","category-fotothemen"],"_links":{"self":[{"href":"https:\/\/www.erichpueschel.de\/index.php?rest_route=\/wp\/v2\/posts\/716","targetHints":{"allow":["GET"]}}],"collection":[{"href":"https:\/\/www.erichpueschel.de\/index.php?rest_route=\/wp\/v2\/posts"}],"about":[{"href":"https:\/\/www.erichpueschel.de\/index.php?rest_route=\/wp\/v2\/types\/post"}],"author":[{"embeddable":true,"href":"https:\/\/www.erichpueschel.de\/index.php?rest_route=\/wp\/v2\/users\/1"}],"replies":[{"embeddable":true,"href":"https:\/\/www.erichpueschel.de\/index.php?rest_route=%2Fwp%2Fv2%2Fcomments&post=716"}],"version-history":[{"count":19,"href":"https:\/\/www.erichpueschel.de\/index.php?rest_route=\/wp\/v2\/posts\/716\/revisions"}],"predecessor-version":[{"id":1002,"href":"https:\/\/www.erichpueschel.de\/index.php?rest_route=\/wp\/v2\/posts\/716\/revisions\/1002"}],"wp:featuredmedia":[{"embeddable":true,"href":"https:\/\/www.erichpueschel.de\/index.php?rest_route=\/wp\/v2\/media\/726"}],"wp:attachment":[{"href":"https:\/\/www.erichpueschel.de\/index.php?rest_route=%2Fwp%2Fv2%2Fmedia&parent=716"}],"wp:term":[{"taxonomy":"category","embeddable":true,"href":"https:\/\/www.erichpueschel.de\/index.php?rest_route=%2Fwp%2Fv2%2Fcategories&post=716"},{"taxonomy":"post_tag","embeddable":true,"href":"https:\/\/www.erichpueschel.de\/index.php?rest_route=%2Fwp%2Fv2%2Ftags&post=716"}],"curies":[{"name":"wp","href":"https:\/\/api.w.org\/{rel}","templated":true}]}}